{"id":5785,"date":"2024-03-26T02:45:40","date_gmt":"2024-03-26T01:45:40","guid":{"rendered":"http:\/\/www.inlen.photo\/kunstgalerie\/farewell-portraits-a-photographic-pratice-from-the-college-nguyen-van-khue-in-the-50s"},"modified":"2024-04-02T23:01:10","modified_gmt":"2024-04-02T22:01:10","slug":"abschiedsportrats-eine-fotografische-praxis-vom-college-nguyen-van-khue-in-den-50er-jahren","status":"publish","type":"post","link":"https:\/\/www.inlen.photo\/de\/archives\/abschiedsportrats-eine-fotografische-praxis-vom-college-nguyen-van-khue-in-den-50er-jahren","title":{"rendered":"Abschiedsportr\u00e4ts, eine fotografische Praxis, vom College Nguyen Van Khue in den 50er Jahren"},"content":{"rendered":"\n<p>Die Portr\u00e4ts dieser Sammlung wurden in den 50er Jahren von Studenten am Ende ihres Studiums ihrem Professor geschenkt. Die geschriebenen Worte auf der R\u00fcckseite dienen in erster Linie der formellen Verabschiedung und geben Aufschluss \u00fcber deren Namen und Daten, sodass wir die Personen identifizieren k\u00f6nnen. Gl\u00fccklicherweise hat der Student in einem bestimmten Portr\u00e4t auch den Namen der Nguyen-Van-Khue-Schule angegeben.<\/p>\n\n\n\n<p>Professor Hu\u1ef3nh C\u00f4ng \u00c2n sagt: \u201eSeit ihrer Gr\u00fcndung im Jahr 1940 war die Nguyen-Van-Khue-Schule w\u00e4hrend der franz\u00f6sischen Kolonialzeit eine der gr\u00f6\u00dften Privatschulen in Cochinchina.<\/p>\n\n\n\n<p>Lyc\u00e9um Nguyen Van Khue, was auf Lateinisch \u201eOberschule\u201c bedeutet, liegt im Bezirk 2 (heute bekannt als Bezirk 1) an der Nguyen Thai Hoc Avenue, in der N\u00e4he des Cau Muoi-Marktes. Die Schule verdankt ihren Namen ihrem Schulleiter, der einen Bachelor-Abschluss in Literatur von der renommierten Sorbonne-Universit\u00e4t in Frankreich besitzt. Die Nguyen Van Khue Schule betreibt zwei unterschiedliche Systeme: das franz\u00f6sische Programm und das vietnamesische Programm. Studierende, die das franz\u00f6sische Programm absolvieren, studieren auf Franz\u00f6sisch und folgen dem gleichen Lehrplan wie in Frankreich. Ihre Pr\u00fcfungen werden von der Mission Culturelle der franz\u00f6sischen Botschaft durchgef\u00fchrt. Die kleinste Klasse in diesem Programm ist&nbsp;six\u00ec\u00e8m moderne, was der siebten Klasse im vietnamesischen Programm (jetzt 6. Klasse) entspricht.<\/p>\n\n\n\n<p>Im Jahr 1963 \u00fcbertrug Herr Nguyen Van Khue das Eigentum an der Schule an die Einheitliche Buddhistische Kirche Vietnams, wobei der Ehrw\u00fcrdige Thich Quang Lien die Rolle des Rektors und Direktors \u00fcbernahm. Am 15. Mai 1967 wurde die Schule offiziell unter dem Namen Bo De Private School gegr\u00fcndet.<\/p>\n\n\n\n<p>Tats\u00e4chlich haben diese Portr\u00e4ts eine tiefgreifende Bedeutung im Bereich der fotografischen Praxis. Erstens ben\u00f6tigten sie w\u00e4hrend ihrer Entstehung eine Studiositzung mit einem professionellen Fotografen. Sie bergen Erinnerungen, die nicht nur bei den Schenkenden nachklingen, sondern auch bei dem Professor, der sie \u00fcber die Jahre hinweg bewahrt hat.<\/p>\n\n\n\n<p>Diese Portr\u00e4ts mit ihren unsch\u00e4tzbaren Informationen geben uns einen Einblick in das Studentenleben und seine sozialen Rituale und sind mehr als ein traditioneller Abschied der Studenten von ihren Professoren, sie dienen als ber\u00fchrende Zeugnisse des Endes der Kindheit.<\/p>\n\n\n\n<p><\/p>\n\n\n\n<p> <\/p>\n","protected":false},"excerpt":{"rendered":"<p>Die Portr\u00e4ts dieser Sammlung wurden in den 50er Jahren von Studenten am Ende ihres Studiums ihrem Professor geschenkt. Die geschriebenen Worte auf der R\u00fcckseite dienen in erster Linie der formellen Verabschiedung und geben Aufschluss \u00fcber deren Namen und Daten, sodass wir die Personen identifizieren k\u00f6nnen. Gl\u00fccklicherweise hat der Student in einem bestimmten Portr\u00e4t auch den Namen der Nguyen-Van-Khue-Schule angegeben.<\/p>\n<p>Professor Hu\u1ef3nh C\u00f4ng \u00c2n sagt: \u201eSeit ihrer Gr\u00fcndung im Jahr 1940 war die Nguyen-Van-Khue-Schule w\u00e4hrend der franz\u00f6sischen Kolonialzeit eine der gr\u00f6\u00dften Privatschulen in Cochinchina.<\/p>\n<p> [&#8230;]<\/p>\n","protected":false},"author":1,"featured_media":5744,"comment_status":"open","ping_status":"open","sticky":false,"template":"","format":"gallery","meta":{"footnotes":""},"categories":[319],"tags":[],"class_list":["post-5785","post","type-post","status-publish","format-gallery","has-post-thumbnail","hentry","category-archives","post_format-post-format-gallery"],"_links":{"self":[{"href":"https:\/\/www.inlen.photo\/de\/wp-json\/wp\/v2\/posts\/5785","targetHints":{"allow":["GET"]}}],"collection":[{"href":"https:\/\/www.inlen.photo\/de\/wp-json\/wp\/v2\/posts"}],"about":[{"href":"https:\/\/www.inlen.photo\/de\/wp-json\/wp\/v2\/types\/post"}],"author":[{"embeddable":true,"href":"https:\/\/www.inlen.photo\/de\/wp-json\/wp\/v2\/users\/1"}],"replies":[{"embeddable":true,"href":"https:\/\/www.inlen.photo\/de\/wp-json\/wp\/v2\/comments?post=5785"}],"version-history":[{"count":1,"href":"https:\/\/www.inlen.photo\/de\/wp-json\/wp\/v2\/posts\/5785\/revisions"}],"predecessor-version":[{"id":5787,"href":"https:\/\/www.inlen.photo\/de\/wp-json\/wp\/v2\/posts\/5785\/revisions\/5787"}],"wp:featuredmedia":[{"embeddable":true,"href":"https:\/\/www.inlen.photo\/de\/wp-json\/wp\/v2\/media\/5744"}],"wp:attachment":[{"href":"https:\/\/www.inlen.photo\/de\/wp-json\/wp\/v2\/media?parent=5785"}],"wp:term":[{"taxonomy":"category","embeddable":true,"href":"https:\/\/www.inlen.photo\/de\/wp-json\/wp\/v2\/categories?post=5785"},{"taxonomy":"post_tag","embeddable":true,"href":"https:\/\/www.inlen.photo\/de\/wp-json\/wp\/v2\/tags?post=5785"}],"curies":[{"name":"wp","href":"https:\/\/api.w.org\/{rel}","templated":true}]}}